{"id":1097,"date":"2026-09-02T17:40:56","date_gmt":"2026-09-02T15:40:56","guid":{"rendered":"https:\/\/jeanneorient.com\/?p=1097"},"modified":"2026-09-02T17:40:57","modified_gmt":"2026-09-02T15:40:57","slug":"%f0%9d%97%9f%f0%9d%97%b2-%f0%9d%97%bd%f0%9d%97%bf%f0%9d%97%b2%f0%9d%97%ba%f0%9d%97%b6%f0%9d%97%b2%f0%9d%97%bf-%f0%9d%97%99%f0%9d%97%b6%f0%9d%97%b9-%f0%9d%97%b1%f0%9d%97%b2-%f0%9d%97%a0%f0%9d%97%b2","status":"publish","type":"post","link":"https:\/\/jeanneorient.com\/?p=1097","title":{"rendered":"\ud835\udddf\ud835\uddf2 \ud835\uddfd\ud835\uddff\ud835\uddf2\ud835\uddfa\ud835\uddf6\ud835\uddf2\ud835\uddff \ud835\uddd9\ud835\uddf6\ud835\uddf9 \ud835\uddf1\ud835\uddf2 \ud835\udde0\ud835\uddf2\u0301\ud835\uddfa\ud835\uddfc\ud835\uddf6\ud835\uddff\ud835\uddf2\ud835\udde6 \ud835\uddf1\ud835\uddf2 \ud835\uddf9\ud835\uddee \ud835\uddff\ud835\uddf2\ud835\uddfb\ud835\ude01\ud835\uddff\ud835\uddf2\u0301\ud835\uddf2 !\u00a0"},"content":{"rendered":"\n<p class=\"has-medium-font-size wp-block-paragraph\">&nbsp;\ud835\udddf\ud835\uddf2 \ud835\uddfd\ud835\uddff\ud835\uddf2\ud835\uddfa\ud835\uddf6\ud835\uddf2\ud835\uddff \ud835\uddd9\ud835\uddf6\ud835\uddf9 \ud835\uddf1\ud835\uddf2 \ud835\udde0\ud835\uddf2\u0301\ud835\uddfa\ud835\uddfc\ud835\uddf6\ud835\uddff\ud835\uddf2\ud835\udde6 \ud835\uddf1\ud835\uddf2 \ud835\uddf9\ud835\uddee \ud835\uddff\ud835\uddf2\ud835\uddfb\ud835\ude01\ud835\uddff\ud835\uddf2\u0301\ud835\uddf2 !&nbsp;<\/p>\n\n\n\n<p class=\"has-medium-font-size wp-block-paragraph\">&nbsp;\ud835\udde0\ud835\uddee\ud835\uddff\ud835\uddf1\ud835\uddf6 \ud835\udfee\ud835\udff5 \ud835\ude00\ud835\uddf2\ud835\uddfd\ud835\ude01\ud835\uddf2\ud835\uddfa\ud835\uddef\ud835\uddff\ud835\uddf2 \ud835\udfee\ud835\udfec\ud835\udfee\ud835\udff2 &#8211; \ud835\udfed\ud835\udff5\ud835\uddf5<\/p>\n\n\n\n<p class=\"has-medium-font-size wp-block-paragraph\">&nbsp;\ud835\uddd6\ud835\uddf5\ud835\uddf2\ud835\ude07 <a href=\"https:\/\/www.facebook.com\/anne.ghisoli?__cft__%5B0%5D=AZilkM2TN4GmOsbbSy1hpgn5uxUNL4S71QbfOjGi3yl9TJEZnGEri_bPuVaoWLyCh3kRA7rgmol1L9hamQZZTe_E8_rgQT3Po9tIAvb_WH2UvQ-BDtq5FcPJ19nMxo-lRp9SQruow__6URKoVkoWvtpaq-zITQs&amp;__tn__=-%5DK-R\"><strong>Anne Ghisoli<\/strong><\/a> et son \u00e9quipe&nbsp;<\/p>\n\n\n\n<p class=\"has-medium-font-size wp-block-paragraph\">&nbsp;<a href=\"https:\/\/www.facebook.com\/librairie.gallimard?__cft__%5B0%5D=AZilkM2TN4GmOsbbSy1hpgn5uxUNL4S71QbfOjGi3yl9TJEZnGEri_bPuVaoWLyCh3kRA7rgmol1L9hamQZZTe_E8_rgQT3Po9tIAvb_WH2UvQ-BDtq5FcPJ19nMxo-lRp9SQruow__6URKoVkoWvtpaq-zITQs&amp;__tn__=-%5DK-R\"><strong>Librairie Gallimard Paris<\/strong><\/a> (15, Boulevard&nbsp; Raspail &#8211; 75007 Paris)<\/p>\n\n\n\n<p class=\"has-medium-font-size wp-block-paragraph\">&nbsp;\ud835\udde7\ud835\uddf5\ud835\uddf2\u0300\ud835\uddfa\ud835\uddf2 : \ud835\uddd8\ud835\ude00\ud835\uddfd\ud835\uddee\ud835\uddf4\ud835\uddfb\ud835\uddf2\ud835\ude00 \ud835\uddee\ud835\ude02 \ud835\uddfd\ud835\uddf9\ud835\ude02\ud835\uddff\ud835\uddf6\ud835\uddf2\ud835\uddf9<\/p>\n\n\n\n<p class=\"has-medium-font-size wp-block-paragraph\">Une travers\u00e9e sensible, vibrante, des Espagnes. Entre ferveur et ferias, entre peinture, mode et myst\u00e8re du flamenco, entre vagues, po\u00e9sie et guitare.<\/p>\n\n\n\n<p class=\"has-medium-font-size wp-block-paragraph\">&nbsp;<a href=\"https:\/\/www.facebook.com\/christiane.rance.315?__cft__%5B0%5D=AZilkM2TN4GmOsbbSy1hpgn5uxUNL4S71QbfOjGi3yl9TJEZnGEri_bPuVaoWLyCh3kRA7rgmol1L9hamQZZTe_E8_rgQT3Po9tIAvb_WH2UvQ-BDtq5FcPJ19nMxo-lRp9SQruow__6URKoVkoWvtpaq-zITQs&amp;__tn__=-%5DK-R\"><strong>Christiane Ranc\u00e9<\/strong><\/a> ouvre la rencontre avec \ud835\ude18\ud835\ude36\ud835\ude26 \ud835\ude37\ud835\ude2a\ud835\ude37\ud835\ude22 \ud835\ude0c\ud835\ude34\ud835\ude31\ud835\ude22\ud835\ude2f\u0303\ud835\ude22 ! \ud835\ude1c\ud835\ude2f \ud835\ude2a\ud835\ude35\ud835\ude2a\ud835\ude2f\ud835\ude26\u0301\ud835\ude33\ud835\ude22\ud835\ude2a\ud835\ude33\ud835\ude26 \ud835\ude22\ud835\ude2e\ud835\ude30\ud835\ude36\ud835\ude33\ud835\ude26\ud835\ude36\ud835\ude39 (\u00e9ditions Tallandier). Une \u00e9criture mystique, exalt\u00e9e, port\u00e9e autant par le r\u00eave que par la lucidit\u00e9, qui embrasse les Espagnes intimes, ardentes et contrast\u00e9es, celles des passions, des croyances et de la f\u00eate.<\/p>\n\n\n\n<p class=\"has-medium-font-size wp-block-paragraph\">&nbsp;<a href=\"https:\/\/www.facebook.com\/marielaure.ruizmaugis?__cft__%5B0%5D=AZilkM2TN4GmOsbbSy1hpgn5uxUNL4S71QbfOjGi3yl9TJEZnGEri_bPuVaoWLyCh3kRA7rgmol1L9hamQZZTe_E8_rgQT3Po9tIAvb_WH2UvQ-BDtq5FcPJ19nMxo-lRp9SQruow__6URKoVkoWvtpaq-zITQs&amp;__tn__=-%5DK-R\"><strong>Marie-Laure Ruiz-Maugis<\/strong><\/a>&nbsp; fait se r\u00e9pondre Goya et Yves Saint Laurent, avec \ud835\ude0e\ud835\ude30\ud835\ude3a\ud835\ude22 \ud835\ude26\ud835\ude35 \ud835\ude20\ud835\ude37\ud835\ude26\ud835\ude34 \ud835\ude1a\ud835\ude22\ud835\ude2a\ud835\ude2f\ud835\ude35 \ud835\ude13\ud835\ude22\ud835\ude36\ud835\ude33\ud835\ude26\ud835\ude2f\ud835\ude35, \ud835\ude13&rsquo;\ud835\ude0c\ud835\ude2f\ud835\ude27\ud835\ude22\ud835\ude2f\ud835\ude35 \ud835\ude23\ud835\ude2d\ud835\ude26\ud835\ude36 \ud835\ude26\ud835\ude2f \ud835\ude31\ud835\ude22\ud835\ude33\ud835\ude35\ud835\ude22\ud835\ude28\ud835\ude26 (\u00e9ditions Macenta). Historienne de l&rsquo;art et flamenca elle-m\u00eame, elle dira la danse flamenca, dans ce qu&rsquo;elle a de plus profond, de plus libre, de plus myst\u00e9rieux.<\/p>\n\n\n\n<p class=\"has-medium-font-size wp-block-paragraph\">&nbsp;<a href=\"https:\/\/www.facebook.com\/alain.hoareau.3?__cft__%5B0%5D=AZilkM2TN4GmOsbbSy1hpgn5uxUNL4S71QbfOjGi3yl9TJEZnGEri_bPuVaoWLyCh3kRA7rgmol1L9hamQZZTe_E8_rgQT3Po9tIAvb_WH2UvQ-BDtq5FcPJ19nMxo-lRp9SQruow__6URKoVkoWvtpaq-zITQs&amp;__tn__=-%5DK-R\"><strong>Alain Hoareau<\/strong><\/a> compl\u00e8te cette travers\u00e9e avec \ud835\ude13\ud835\ude22 \ud835\ude1d\ud835\ude22\ud835\ude28\ud835\ude36\ud835\ude26 \ud835\ude22\ud835\ude36 \ud835\ude25\ud835\ude30\ud835\ude2a\ud835\ude28\ud835\ude35 (\u00e9ditions Unicit\u00e9). Par la po\u00e9sie, l&rsquo;image et la musique, il dira l&rsquo;\u00e9ph\u00e9m\u00e8re et la perte. Il fera \u00e9galement entendre l&rsquo;\u00e2me de la guitare espagnole : son histoire, ses vibrations, ses silences, sa ferveur.<\/p>\n\n\n\n<p class=\"has-medium-font-size wp-block-paragraph\">Une rencontre \u00e0 trois voix,&nbsp;<\/p>\n\n\n\n<p class=\"has-medium-font-size wp-block-paragraph\">suivie&nbsp; d&rsquo;une s\u00e9ance de d\u00e9dicaces.<\/p>\n\n\n\n<p class=\"has-medium-font-size wp-block-paragraph\">&nbsp;Il y aura captation.<\/p>\n\n\n\n<p class=\"has-medium-font-size wp-block-paragraph\">Les livres de la d\u00e9dicace, et nous-m\u00eames, serons sur place.<\/p>\n\n\n\n<p class=\"has-medium-font-size wp-block-paragraph\">&nbsp;\ud835\uddd8\ud835\ude01 \ud835\uddfd\ud835\uddfc\ud835\ude02\ud835\uddff \ud835\uddf0\ud835\uddf2\ud835\ude01\ud835\ude01\ud835\uddf2 \ud835\uddfd\ud835\uddff\ud835\uddf2\ud835\uddfa\ud835\uddf6\ud835\uddf2\u0300\ud835\uddff\ud835\uddf2 \ud835\uddf1\ud835\uddf2 \ud835\uddf9\ud835\uddee \ud835\uddff\ud835\uddf2\ud835\uddfb\ud835\ude01\ud835\uddff\ud835\uddf2\u0301\ud835\uddf2, \ud835\ude02\ud835\uddfb\ud835\uddf2 \ud835\ude00\ud835\ude02\ud835\uddff\ud835\uddfd\ud835\uddff\ud835\uddf6\ud835\ude00\ud835\uddf2 :<\/p>\n\n\n\n<p class=\"has-medium-font-size wp-block-paragraph\">En arrivant, chacun qui aura chez lui d\u00e9j\u00e0 inscrit son nom sur un petit post-it, le d\u00e9posera dans la coupelle pr\u00e9vue \u00e0 l&rsquo;entr\u00e9e. Trois noms seront tir\u00e9s au sort.&nbsp;<\/p>\n\n\n\n<p class=\"has-medium-font-size wp-block-paragraph\">Chaque gagnant repartira avec les trois livres des auteurs invit\u00e9s.<\/p>\n\n\n\n<p class=\"has-medium-font-size wp-block-paragraph\">&nbsp;Et les non-Parisiens ne seront pas oubli\u00e9s pour cette premi\u00e8re : une question, dont la r\u00e9ponse se trouvera dans la captation, donnera lieu elle aussi \u00e0 un tirage au sort.&nbsp;<\/p>\n\n\n\n<p class=\"has-medium-font-size wp-block-paragraph\">Informations \u00e0 suivre.<\/p>\n\n\n\n<p class=\"has-medium-font-size wp-block-paragraph\">&nbsp;\ud835\udddf&rsquo;\ud835\uddf2\ud835\uddfb\ud835\ude01\ud835\uddff\ud835\uddf2\u0301\ud835\uddf2 \ud835\uddf2\ud835\ude00\ud835\ude01 \ud835\uddf9\ud835\uddf6\ud835\uddef\ud835\uddff\ud835\uddf2.<\/p>\n\n\n\n<p class=\"has-medium-font-size wp-block-paragraph\">Nous vous attendons nombreux !&nbsp;<\/p>\n\n\n\n<p class=\"has-medium-font-size wp-block-paragraph\">&nbsp;Le calendrier des Fils de M\u00e9moireS \u00e0 suivre. Dont d\u00e9j\u00e0 :<\/p>\n\n\n\n<p class=\"has-medium-font-size wp-block-paragraph\">&nbsp;Le 24 novembre 2026 (toujours chez Anne Ghisoli &#8211; Librairie Gallimard)<\/p>\n\n\n\n<p class=\"has-medium-font-size wp-block-paragraph\">Anne Godard , *Nous aussi* (Actes Sud)<\/p>\n\n\n\n<p class=\"has-medium-font-size wp-block-paragraph\">**********<\/p>\n\n\n\n<p class=\"has-medium-font-size wp-block-paragraph\">Et le Fil de M\u00e9moires report\u00e9 de juin dernier aura lieu le 19 janvier 2027 avec\u00a0<\/p>\n\n\n\n<p class=\"has-medium-font-size wp-block-paragraph\">&#8211; No\u00eblle Ch\u00e2telet, <a href=\"https:\/\/www.facebook.com\/profile.php?id=100011746666189&amp;__cft__%5B0%5D=AZilkM2TN4GmOsbbSy1hpgn5uxUNL4S71QbfOjGi3yl9TJEZnGEri_bPuVaoWLyCh3kRA7rgmol1L9hamQZZTe_E8_rgQT3Po9tIAvb_WH2UvQ-BDtq5FcPJ19nMxo-lRp9SQruow__6URKoVkoWvtpaq-zITQs&amp;__tn__=-%5DK-R\"><strong>Mireille Diaz-Florian<\/strong><\/a>, <a href=\"https:\/\/www.facebook.com\/ella.balaert?__cft__%5B0%5D=AZilkM2TN4GmOsbbSy1hpgn5uxUNL4S71QbfOjGi3yl9TJEZnGEri_bPuVaoWLyCh3kRA7rgmol1L9hamQZZTe_E8_rgQT3Po9tIAvb_WH2UvQ-BDtq5FcPJ19nMxo-lRp9SQruow__6URKoVkoWvtpaq-zITQs&amp;__tn__=-%5DK-R\"><strong>Ella Balaert<\/strong><\/a>, <a href=\"https:\/\/www.facebook.com\/virginie.meggle?__cft__%5B0%5D=AZilkM2TN4GmOsbbSy1hpgn5uxUNL4S71QbfOjGi3yl9TJEZnGEri_bPuVaoWLyCh3kRA7rgmol1L9hamQZZTe_E8_rgQT3Po9tIAvb_WH2UvQ-BDtq5FcPJ19nMxo-lRp9SQruow__6URKoVkoWvtpaq-zITQs&amp;__tn__=-%5DK-R\"><strong>Virginie Meggl\u00e9<\/strong><\/a>, <a href=\"https:\/\/www.facebook.com\/palomaherminahidalgo?__cft__%5B0%5D=AZilkM2TN4GmOsbbSy1hpgn5uxUNL4S71QbfOjGi3yl9TJEZnGEri_bPuVaoWLyCh3kRA7rgmol1L9hamQZZTe_E8_rgQT3Po9tIAvb_WH2UvQ-BDtq5FcPJ19nMxo-lRp9SQruow__6URKoVkoWvtpaq-zITQs&amp;__tn__=-%5DK-R\"><strong>Paloma Hermina Hidalgo<\/strong><\/a><\/p>\n\n\n\n<figure class=\"wp-block-video\"><video height=\"576\" style=\"aspect-ratio: 1024 \/ 576;\" width=\"1024\" controls poster=\"https:\/\/jeanneorient.com\/wp-content\/uploads\/2026\/09\/3d47dd0b-5335-4508-aeb9-3428518b91da.jpg\" src=\"https:\/\/jeanneorient.com\/wp-content\/uploads\/2026\/09\/5d84b6d8-7276-45af-9dc7-864b6cc9b97d.mp4\"><\/video><\/figure>\n","protected":false},"excerpt":{"rendered":"<p>&nbsp;\ud835\udddf\ud835\uddf2 \ud835\uddfd\ud835\uddff\ud835\uddf2\ud835\uddfa\ud835\uddf6\ud835\uddf2\ud835\uddff \ud835\uddd9\ud835\uddf6\ud835\uddf9 \ud835\uddf1\ud835\uddf2 \ud835\udde0\ud835\uddf2\u0301\ud835\uddfa\ud835\uddfc\ud835\uddf6\ud835\uddff\ud835\uddf2\ud835\udde6 \ud835\uddf1\ud835\uddf2 \ud835\uddf9\ud835\uddee \ud835\uddff\ud835\uddf2\ud835\uddfb\ud835\ude01\ud835\uddff\ud835\uddf2\u0301\ud835\uddf2 !&nbsp; &nbsp;\ud835\udde0\ud835\uddee\ud835\uddff\ud835\uddf1\ud835\uddf6 \ud835\udfee\ud835\udff5 \ud835\ude00\ud835\uddf2\ud835\uddfd\ud835\ude01\ud835\uddf2\ud835\uddfa\ud835\uddef\ud835\uddff\ud835\uddf2 \ud835\udfee\ud835\udfec\ud835\udfee\ud835\udff2 &#8211; \ud835\udfed\ud835\udff5\ud835\uddf5 &nbsp;\ud835\uddd6\ud835\uddf5\ud835\uddf2\ud835\ude07 Anne Ghisoli et son \u00e9quipe&nbsp; &nbsp;Librairie Gallimard Paris (15, Boulevard&nbsp; Raspail &#8211; 75007 Paris) &nbsp;\ud835\udde7\ud835\uddf5\ud835\uddf2\u0300\ud835\uddfa\ud835\uddf2 : \ud835\uddd8\ud835\ude00\ud835\uddfd\ud835\uddee\ud835\uddf4\ud835\uddfb\ud835\uddf2\ud835\ude00 \ud835\uddee\ud835\ude02 \ud835\uddfd\ud835\uddf9\ud835\ude02\ud835\uddff\ud835\uddf6\ud835\uddf2\ud835\uddf9 &hellip; <\/p>\n","protected":false},"author":1,"featured_media":1098,"comment_status":"open","ping_status":"open","sticky":false,"template":"","format":"standard","meta":{"footnotes":""},"categories":[11],"tags":[],"class_list":["post-1097","post","type-post","status-publish","format-standard","has-post-thumbnail","hentry","category-rencontres-litteraires-et-autres","latest_post"],"_links":{"self":[{"href":"https:\/\/jeanneorient.com\/index.php?rest_route=\/wp\/v2\/posts\/1097","targetHints":{"allow":["GET"]}}],"collection":[{"href":"https:\/\/jeanneorient.com\/index.php?rest_route=\/wp\/v2\/posts"}],"about":[{"href":"https:\/\/jeanneorient.com\/index.php?rest_route=\/wp\/v2\/types\/post"}],"author":[{"embeddable":true,"href":"https:\/\/jeanneorient.com\/index.php?rest_route=\/wp\/v2\/users\/1"}],"replies":[{"embeddable":true,"href":"https:\/\/jeanneorient.com\/index.php?rest_route=%2Fwp%2Fv2%2Fcomments&post=1097"}],"version-history":[{"count":1,"href":"https:\/\/jeanneorient.com\/index.php?rest_route=\/wp\/v2\/posts\/1097\/revisions"}],"predecessor-version":[{"id":1101,"href":"https:\/\/jeanneorient.com\/index.php?rest_route=\/wp\/v2\/posts\/1097\/revisions\/1101"}],"wp:featuredmedia":[{"embeddable":true,"href":"https:\/\/jeanneorient.com\/index.php?rest_route=\/wp\/v2\/media\/1098"}],"wp:attachment":[{"href":"https:\/\/jeanneorient.com\/index.php?rest_route=%2Fwp%2Fv2%2Fmedia&parent=1097"}],"wp:term":[{"taxonomy":"category","embeddable":true,"href":"https:\/\/jeanneorient.com\/index.php?rest_route=%2Fwp%2Fv2%2Fcategories&post=1097"},{"taxonomy":"post_tag","embeddable":true,"href":"https:\/\/jeanneorient.com\/index.php?rest_route=%2Fwp%2Fv2%2Ftags&post=1097"}],"curies":[{"name":"wp","href":"https:\/\/api.w.org\/{rel}","templated":true}]}}